{"id":65208,"date":"2024-02-27T06:48:08","date_gmt":"2024-02-27T10:48:08","guid":{"rendered":"https:\/\/www.isvara.org\/archive\/?p=65208"},"modified":"2024-02-27T07:05:45","modified_gmt":"2024-02-27T11:05:45","slug":"programa-mensual-japa-congregacional","status":"publish","type":"post","link":"https:\/\/www.isvara.org\/archive\/programa-mensual-japa-congregacional\/","title":{"rendered":"Japa Congregacional el domingo 3 de marzo"},"content":{"rendered":"<p><span style=\"font-size: 16px; font-family: verdana, geneva, sans-serif;\"><a href=\"https:\/\/www.isvara.org\/archive\/wp-content\/uploads\/Japa-Congregacional.jpg\"><img loading=\"lazy\" decoding=\"async\" class=\"alignnone wp-image-65209 size-large\" src=\"https:\/\/www.isvara.org\/archive\/wp-content\/uploads\/Japa-Congregacional-1024x1024.jpg\" alt=\"\" width=\"1024\" height=\"1024\" srcset=\"https:\/\/www.isvara.org\/archive\/wp-content\/uploads\/Japa-Congregacional-1024x1024.jpg 1024w, https:\/\/www.isvara.org\/archive\/wp-content\/uploads\/Japa-Congregacional-300x300.jpg 300w, https:\/\/www.isvara.org\/archive\/wp-content\/uploads\/Japa-Congregacional-150x150.jpg 150w, https:\/\/www.isvara.org\/archive\/wp-content\/uploads\/Japa-Congregacional-768x768.jpg 768w, https:\/\/www.isvara.org\/archive\/wp-content\/uploads\/Japa-Congregacional-730x730.jpg 730w, https:\/\/www.isvara.org\/archive\/wp-content\/uploads\/Japa-Congregacional-365x365.jpg 365w, https:\/\/www.isvara.org\/archive\/wp-content\/uploads\/Japa-Congregacional.jpg 1080w\" sizes=\"auto, (max-width: 1024px) 100vw, 1024px\" \/><\/a><\/span><\/p>\n<p><span style=\"font-family: verdana, geneva, sans-serif; font-size: 16px;\">Hare Krishna !!!<\/span><\/p>\n<p><span style=\"font-family: verdana, geneva, sans-serif; font-size: 16px;\">A toda la Comunidad Vaisnava de ISKCON REP. DOM.<\/span><\/p>\n<p><span style=\"font-family: verdana, geneva, sans-serif; font-size: 16px;\">ANUNCIO:<\/span><\/p>\n<p><span style=\"font-family: verdana, geneva, sans-serif; font-size: 16px;\">Reinicio del Programa JAPA CONGREGACIONAL<\/span><\/p>\n<p><span style=\"font-family: verdana, geneva, sans-serif; font-size: 16px;\">Se realizara una vez al mes en nuestro Templo Hare Krishna \ud83d\ude4c<\/span><br \/>\n<span style=\"font-family: verdana, geneva, sans-serif; font-size: 16px;\">Este Domingo 3 de marzo iniciamos !!! De 10:00 am &#8211; 11:00 am.<\/span><\/p>\n<p><span class=\"OYPEnA text-decoration-none text-strikethrough-none\" style=\"font-family: verdana, geneva, sans-serif; font-size: 16px;\">El objetivo es cantar Japa en comunidad, fortaleciendo nuestra pr\u00e1ctica devocional, y aprender a recitar textos en s\u00e1nscrito para profundizar nuestra conexi\u00f3n espiritual.<\/span><\/p>\n<p><span style=\"font-family: verdana, geneva, sans-serif; font-size: 16px;\">Invita:<\/span><br \/>\n<span style=\"font-family: verdana, geneva, sans-serif; font-size: 16px;\">Aravinda Nabha das<\/span><\/p>\n<p><span style=\"font-size: 16px; font-family: verdana, geneva, sans-serif;\">\u00a0<\/span><\/p>\n<!-- Widget Shortcode --><div id=\"black-studio-tinymce-6\" class=\"widget-1 widget-first widget widget_black_studio_tinymce widget-shortcode area-arbitrary \"><h2 class=\"widgettitle\">KADACHA BookStore<\/h2><div class=\"textwidget\"><pre style=\"text-align: center\"><span style=\"text-decoration: underline;font-size: 20px;color: #ff0000;font-family: verdana, geneva, sans-serif\">\r\n<a href=\"https:\/\/www.kadachaeditions.com\" id=\"kadbtn50\" target=\"_blank\" class=\"kad-btn btn-shortcode kad-btn-primary lg-kad-btn \" style=\"background-color:#3a5744; border: 0 solid; border-color:#000;  color:#ffffff;\" onMouseOver=\"this.style.color=&#039;gold&#039;\" onMouseOut=\"this.style.color=&#039;#ffffff&#039;\" rel=\"nofollow noopener\">Click here to VIEW! <i class='icon-cart2'><\/i><\/a>\r\n\r\n<\/span><\/pre>\n<\/div><\/div><!-- \/Widget Shortcode -->\n\n","protected":false},"excerpt":{"rendered":"<p>Hare Krishna !!! A toda la Comunidad Vaisnava de ISKCON REP. DOM. ANUNCIO: Reinicio del Programa JAPA CONGREGACIONAL Se realizara una vez al mes en nuestro Templo Hare Krishna \ud83d\ude4c Este Domingo 3 de marzo iniciamos &hellip; <a class=\"kt-excerpt-readmore\" href=\"https:\/\/www.isvara.org\/archive\/programa-mensual-japa-congregacional\/\" aria-label=\"Japa Congregacional el domingo 3 de marzo\">Read More<\/a><\/p>\n","protected":false},"author":168,"featured_media":65209,"comment_status":"open","ping_status":"closed","sticky":false,"template":"","format":"standard","meta":{"footnotes":""},"categories":[5],"tags":[],"class_list":["post-65208","post","type-post","status-publish","format-standard","has-post-thumbnail","hentry","category-espanol"],"publishpress_future_action":{"enabled":false,"date":"2026-05-03 11:06:50","action":"change-status","newStatus":"draft","terms":[],"taxonomy":"category","extraData":[]},"publishpress_future_workflow_manual_trigger":{"enabledWorkflows":[]},"_links":{"self":[{"href":"https:\/\/www.isvara.org\/archive\/wp-json\/wp\/v2\/posts\/65208","targetHints":{"allow":["GET"]}}],"collection":[{"href":"https:\/\/www.isvara.org\/archive\/wp-json\/wp\/v2\/posts"}],"about":[{"href":"https:\/\/www.isvara.org\/archive\/wp-json\/wp\/v2\/types\/post"}],"author":[{"embeddable":true,"href":"https:\/\/www.isvara.org\/archive\/wp-json\/wp\/v2\/users\/168"}],"replies":[{"embeddable":true,"href":"https:\/\/www.isvara.org\/archive\/wp-json\/wp\/v2\/comments?post=65208"}],"version-history":[{"count":0,"href":"https:\/\/www.isvara.org\/archive\/wp-json\/wp\/v2\/posts\/65208\/revisions"}],"wp:featuredmedia":[{"embeddable":true,"href":"https:\/\/www.isvara.org\/archive\/wp-json\/wp\/v2\/media\/65209"}],"wp:attachment":[{"href":"https:\/\/www.isvara.org\/archive\/wp-json\/wp\/v2\/media?parent=65208"}],"wp:term":[{"taxonomy":"category","embeddable":true,"href":"https:\/\/www.isvara.org\/archive\/wp-json\/wp\/v2\/categories?post=65208"},{"taxonomy":"post_tag","embeddable":true,"href":"https:\/\/www.isvara.org\/archive\/wp-json\/wp\/v2\/tags?post=65208"}],"curies":[{"name":"wp","href":"https:\/\/api.w.org\/{rel}","templated":true}]}}