{"id":48278,"date":"2023-03-06T11:06:09","date_gmt":"2023-03-06T15:06:09","guid":{"rendered":"https:\/\/www.isvara.org\/archive\/?p=48278"},"modified":"2023-03-06T11:12:19","modified_gmt":"2023-03-06T15:12:19","slug":"clases-em-zoom-y-efectos-astrales","status":"publish","type":"post","link":"https:\/\/www.isvara.org\/archive\/clases-em-zoom-y-efectos-astrales\/","title":{"rendered":"Clases em Zoom y efectos astrales"},"content":{"rendered":"<p><span style=\"color: #0000ff;\"><strong><span style=\"font-family: verdana, geneva, sans-serif; font-size: 16px;\"><a href=\"https:\/\/www.isvara.org\/archive\/wp-content\/uploads\/Wishes_teaser-10.jpg\"><img loading=\"lazy\" decoding=\"async\" class=\"alignright wp-image-48280 size-medium\" src=\"https:\/\/www.isvara.org\/archive\/wp-content\/uploads\/Wishes_teaser-10-300x169.jpg\" alt=\"\" width=\"300\" height=\"169\" srcset=\"https:\/\/www.isvara.org\/archive\/wp-content\/uploads\/Wishes_teaser-10-300x169.jpg 300w, https:\/\/www.isvara.org\/archive\/wp-content\/uploads\/Wishes_teaser-10-1024x576.jpg 1024w, https:\/\/www.isvara.org\/archive\/wp-content\/uploads\/Wishes_teaser-10-768x432.jpg 768w, https:\/\/www.isvara.org\/archive\/wp-content\/uploads\/Wishes_teaser-10.jpg 1200w\" sizes=\"auto, (max-width: 300px) 100vw, 300px\" \/><\/a>Pregunta<\/span><\/strong><\/span><\/p>\n<p><span style=\"font-family: verdana, geneva, sans-serif; font-size: 16px;\">Favor acepte mis reverencias.<\/span><br \/>\n<span style=\"font-family: verdana, geneva, sans-serif; font-size: 16px;\">Podria usted,si es posible, enviarme por esta via las grabaciones de las clases que imparte por Zoom cada semana,los dias miercoles y los sabados,y una direccion facil donde pueda encontrar o acceder a todas las conferencias que usted ha dado en estos grupos desde la pandemia hasta ahora.<\/span><\/p>\n<p>&nbsp;<\/p>\n<p><span style=\"font-family: verdana, geneva, sans-serif; font-size: 16px; color: #ff0000;\"><strong>Respuesta<\/strong><\/span><\/p>\n<p><span style=\"font-family: verdana, geneva, sans-serif; font-size: 16px;\">Desafortunadamente, no he podido mantener todo tan ordenado como me hubiera gustado debido a la falta de cooperaci\u00f3n. Es un gran compromiso, no puedo hacerlo todo solo.<\/span><br \/>\n<span style=\"font-family: verdana, geneva, sans-serif; font-size: 16px;\">Pero puedes encontrar no poco si vas a isvara.org. Los enlaces son estos<\/span><\/p>\n<p><span style=\"font-family: verdana, geneva, sans-serif; font-size: 16px;\"><a href=\"https:\/\/www.isvara.org\/archive\/tag\/videoconference-in-english\/\">videoconference in English (43)<\/a>\u00a0<\/span><\/p>\n<p><span style=\"font-family: verdana, geneva, sans-serif; font-size: 16px;\"><a href=\"https:\/\/www.isvara.org\/archive\/tag\/video-conferencia\/\">videoconferencia en Espanol (57)<\/a>\u00a0<\/span><\/p>\n<p><span style=\"font-family: verdana, geneva, sans-serif; font-size: 16px;\"><a href=\"https:\/\/www.isvara.org\/archive\/tag\/videoconferenze-in-italiano\/\">Videoconferenze in Italiano (43)<\/a>\u00a0<\/span><\/p>\n<p><span style=\"font-family: verdana, geneva, sans-serif; font-size: 16px;\">Hay muchos m\u00e1s, los tengo todos en mi computadora pero no publicados.\u00a0<\/span><\/p>\n<p>&nbsp;<\/p>\n<p><span style=\"color: #0000ff;\"><strong><span style=\"font-family: verdana, geneva, sans-serif; font-size: 16px;\">Pregunta<\/span><\/strong><\/span><\/p>\n<p><span style=\"font-family: verdana, geneva, sans-serif; font-size: 16px;\">[19:15, 2\/14\/2023] Mandakini: Hare krisna Guru Maharaja<\/span><br \/>\n<span style=\"font-family: verdana, geneva, sans-serif; font-size: 16px;\">Favor acepte mis humildes reverencias.<\/span><br \/>\n<span style=\"font-family: verdana, geneva, sans-serif; font-size: 16px;\">En su publicacion en el chat sobre Mithuna Sankranti,lei en su primer parrafo que dice:&#8221; que el sol entro en el area celestial de Mithuna (Gemenis).Segun el calendario que tengo ,sucedio a las 8 a 5 a.m hora del caribe.&#8221;<\/span><\/p>\n<p><span style=\"font-family: verdana, geneva, sans-serif; font-size: 16px;\">Quiere decir que este fenomeno ocurrio hoy?<\/span><\/p>\n<p><span style=\"font-family: verdana, geneva, sans-serif; font-size: 16px;\">De ser asi,tiene esto alguna relacion con el dia que se celebra hoy,&#8221;Dia del amor&#8221;&#8221;Dia de San Valentin&#8221;?<\/span><\/p>\n<p><span style=\"font-family: verdana, geneva, sans-serif; font-size: 16px;\">Y por otra parte,si la entrada del sol a estas areas del zodiaco,tienen algun tipo de relacion con la fecha o celebracion de los Ekadasis?<\/span><\/p>\n<p><span style=\"font-family: verdana, geneva, sans-serif; font-size: 16px;\">Y si quiere decirnos algo de como influyen estos diferentes periodos sobre el planeta,especialmente sobre las personas ,si es posible?<\/span><\/p>\n<p>&nbsp;<\/p>\n<p><span style=\"font-family: verdana, geneva, sans-serif; font-size: 16px; color: #ff0000;\"><strong>Respuesta<\/strong><\/span><\/p>\n<p><span style=\"font-family: verdana, geneva, sans-serif; font-size: 16px;\">En Isvara la fecha de publicaci\u00f3n del art\u00edculo no corresponde a la fecha exacta del d\u00eda que estoy explicando. Para la fecha exacta tienes que ir a la categor\u00eda &#8220;calendario&#8221;, que inici\u00e9 hace unas semanas. As\u00ed que no tiene nada que ver con el D\u00eda de San Valent\u00edn.<\/span><\/p>\n<p><span style=\"font-family: verdana, geneva, sans-serif; font-size: 16px;\">Definitivamente s\u00ed, aquellos que no tienen el control total de sus sentidos son v\u00edctimas de las influencias astrales.<\/span><\/p>\n<p><span style=\"font-family: verdana, geneva, sans-serif; font-size: 16px;\">Habr\u00e1 oportunidades para elaborar m\u00e1s.<\/span><\/p>\n<p><span style=\"font-family: verdana, geneva, sans-serif; font-size: 16px;\">Manonatha Dasa (CBSP)<\/span><\/p>\n<p>&nbsp;<\/p>\n<p><span style=\"font-family: verdana, geneva, sans-serif; font-size: 16px;\"><\/span><\/p>\n","protected":false},"excerpt":{"rendered":"<p>Pregunta Favor acepte mis reverencias. Podria usted,si es posible, enviarme por esta via las grabaciones de las clases que imparte por Zoom cada semana,los dias miercoles y los sabados,y una direccion facil donde pueda encontrar o &hellip; <a class=\"kt-excerpt-readmore\" href=\"https:\/\/www.isvara.org\/archive\/clases-em-zoom-y-efectos-astrales\/\" aria-label=\"Clases em Zoom y efectos astrales\">Read More<\/a><\/p>\n","protected":false},"author":81,"featured_media":48280,"comment_status":"open","ping_status":"closed","sticky":false,"template":"","format":"standard","meta":{"footnotes":""},"categories":[156,5],"tags":[],"class_list":["post-48278","post","type-post","status-publish","format-standard","has-post-thumbnail","hentry","category-db","category-espanol"],"publishpress_future_action":{"enabled":false,"date":"2026-05-03 11:48:25","action":"change-status","newStatus":"draft","terms":[],"taxonomy":"category","extraData":[]},"publishpress_future_workflow_manual_trigger":{"enabledWorkflows":[]},"_links":{"self":[{"href":"https:\/\/www.isvara.org\/archive\/wp-json\/wp\/v2\/posts\/48278","targetHints":{"allow":["GET"]}}],"collection":[{"href":"https:\/\/www.isvara.org\/archive\/wp-json\/wp\/v2\/posts"}],"about":[{"href":"https:\/\/www.isvara.org\/archive\/wp-json\/wp\/v2\/types\/post"}],"author":[{"embeddable":true,"href":"https:\/\/www.isvara.org\/archive\/wp-json\/wp\/v2\/users\/81"}],"replies":[{"embeddable":true,"href":"https:\/\/www.isvara.org\/archive\/wp-json\/wp\/v2\/comments?post=48278"}],"version-history":[{"count":0,"href":"https:\/\/www.isvara.org\/archive\/wp-json\/wp\/v2\/posts\/48278\/revisions"}],"wp:featuredmedia":[{"embeddable":true,"href":"https:\/\/www.isvara.org\/archive\/wp-json\/wp\/v2\/media\/48280"}],"wp:attachment":[{"href":"https:\/\/www.isvara.org\/archive\/wp-json\/wp\/v2\/media?parent=48278"}],"wp:term":[{"taxonomy":"category","embeddable":true,"href":"https:\/\/www.isvara.org\/archive\/wp-json\/wp\/v2\/categories?post=48278"},{"taxonomy":"post_tag","embeddable":true,"href":"https:\/\/www.isvara.org\/archive\/wp-json\/wp\/v2\/tags?post=48278"}],"curies":[{"name":"wp","href":"https:\/\/api.w.org\/{rel}","templated":true}]}}