{"id":23495,"date":"2021-01-26T17:42:13","date_gmt":"2021-01-26T21:42:13","guid":{"rendered":"https:\/\/www.isvara.org\/archive\/?p=23495"},"modified":"2021-01-28T16:02:58","modified_gmt":"2021-01-28T20:02:58","slug":"actualizaciones-sobre-la-publicacion-del-maha-bharata-en-espanol","status":"publish","type":"post","link":"https:\/\/www.isvara.org\/archive\/actualizaciones-sobre-la-publicacion-del-maha-bharata-en-espanol\/","title":{"rendered":"Actualizaciones sobre la publicaci\u00f3n del Maha-bharata en espa\u00f1ol"},"content":{"rendered":"<p><span style=\"font-family: verdana, geneva, sans-serif; font-size: 16px;\"><img loading=\"lazy\" decoding=\"async\" class=\"alignright size-medium wp-image-23496\" src=\"https:\/\/www.isvara.org\/archive\/wp-content\/uploads\/portada_mb2-194x300.jpg\" alt=\"\" width=\"194\" height=\"300\" \/><\/span><\/p>\n<p><span style=\"font-family: verdana, geneva, sans-serif; font-size: 16px;\">Queridos Vaisnavas, Hare Krishna<\/span><\/p>\n<p>\n<span style=\"font-family: verdana, geneva, sans-serif; font-size: 16px;\">Me complace, en verdad me siento entusiasta, darles la noticia de que finalmente se ha completado la \u00faltima correcci\u00f3n de los dos vol\u00famenes que componen el Maha-bharata en espa\u00f1ol.<\/span><\/p>\n<p>&nbsp;<\/p>\n<p><span style=\"font-family: verdana, geneva, sans-serif; font-size: 16px;\">Ahora los libros sera publicado. Generalmente, Amazon es bastante lento y tardar\u00e1 una semana o dos.<\/span><\/p>\n<p>&nbsp;<\/p>\n<p><span style=\"font-family: verdana, geneva, sans-serif; font-size: 16px;\">Los dos vol\u00famenes se publicar\u00e1n en tres versiones:<\/span><\/p>\n<p><span style=\"font-family: verdana, geneva, sans-serif; font-size: 16px;\">&#8211; En papel, en Amazon<\/span><br \/>\n<span style=\"font-family: verdana, geneva, sans-serif; font-size: 16px;\">&#8211; Versi\u00f3n Kindle, en Amazon y<\/span><br \/>\n<span style=\"font-family: verdana, geneva, sans-serif; font-size: 16px;\">&#8211; Versi\u00f3n PDF, para comprar directamente con nosotros, perfecta para leer en sus tel\u00e9fonos m\u00f3viles, tabletas o computadora.<\/span><\/p>\n<p>&nbsp;<\/p>\n<p><span style=\"font-family: verdana, geneva, sans-serif; font-size: 16px;\">La pr\u00f3xima vez que nos enteremos de esto, ser\u00e1 para anunciar que las tres versiones est\u00e1n disponibles.<\/span><\/p>\n<p>&nbsp;<\/p>\n<p><span style=\"font-family: verdana, geneva, sans-serif; font-size: 16px;\">Mientras tanto, podemos decirle que el Ramayana en espa\u00f1ol de Valmiki est\u00e1 en proceso de ser corregido y no pasar\u00e1 mucho tiempo antes de que usted pueda tener esto tambi\u00e9n.<\/span><\/p>\n<p>&nbsp;<\/p>\n<p><span style=\"font-family: verdana, geneva, sans-serif; font-size: 16px;\">Hare Krishna<\/span><br \/>\n<span style=\"font-family: verdana, geneva, sans-serif; font-size: 16px;\">&#8211; Manonatha Dasa (ACBSP)<\/span><\/p>\n<p>&nbsp;<\/p>\n<p>&nbsp;<\/p>\n<p><span style=\"font-family: verdana, geneva, sans-serif; font-size: 16px;\"><!-- Widget Shortcode --><div id=\"black-studio-tinymce-6\" class=\"widget-1 widget-first widget widget_black_studio_tinymce widget-shortcode area-arbitrary \"><h2 class=\"widgettitle\">KADACHA BookStore<\/h2><div class=\"textwidget\"><pre style=\"text-align: center\"><span style=\"text-decoration: underline;font-size: 20px;color: #ff0000;font-family: verdana, geneva, sans-serif\">\r\n<a href=\"https:\/\/www.kadachaeditions.com\" id=\"kadbtn31\" target=\"_blank\" class=\"kad-btn btn-shortcode kad-btn-primary lg-kad-btn \" style=\"background-color:#3a5744; border: 0 solid; border-color:#000;  color:#ffffff;\" onMouseOver=\"this.style.color=&#039;gold&#039;\" onMouseOut=\"this.style.color=&#039;#ffffff&#039;\" rel=\"nofollow noopener\">Click here to VIEW! <i class='icon-cart2'><\/i><\/a>\r\n\r\n<\/span><\/pre>\n<\/div><\/div><!-- \/Widget Shortcode --><\/span><\/p>\n","protected":false},"excerpt":{"rendered":"<p>Queridos Vaisnavas, Hare Krishna Me complace, en verdad me siento entusiasta, darles la noticia de que finalmente se ha completado la \u00faltima correcci\u00f3n de los dos vol\u00famenes que componen el Maha-bharata en espa\u00f1ol. &nbsp; Ahora los &hellip; <a class=\"kt-excerpt-readmore\" href=\"https:\/\/www.isvara.org\/archive\/actualizaciones-sobre-la-publicacion-del-maha-bharata-en-espanol\/\" aria-label=\"Actualizaciones sobre la publicaci\u00f3n del Maha-bharata en espa\u00f1ol\">Read More<\/a><\/p>\n","protected":false},"author":81,"featured_media":23496,"comment_status":"open","ping_status":"closed","sticky":false,"template":"","format":"standard","meta":{"footnotes":""},"categories":[3],"tags":[],"class_list":["post-23495","post","type-post","status-publish","format-standard","has-post-thumbnail","hentry","category-english"],"publishpress_future_action":{"enabled":false,"date":"2026-05-03 20:50:29","action":"change-status","newStatus":"draft","terms":[],"taxonomy":"category","extraData":[]},"publishpress_future_workflow_manual_trigger":{"enabledWorkflows":[]},"_links":{"self":[{"href":"https:\/\/www.isvara.org\/archive\/wp-json\/wp\/v2\/posts\/23495","targetHints":{"allow":["GET"]}}],"collection":[{"href":"https:\/\/www.isvara.org\/archive\/wp-json\/wp\/v2\/posts"}],"about":[{"href":"https:\/\/www.isvara.org\/archive\/wp-json\/wp\/v2\/types\/post"}],"author":[{"embeddable":true,"href":"https:\/\/www.isvara.org\/archive\/wp-json\/wp\/v2\/users\/81"}],"replies":[{"embeddable":true,"href":"https:\/\/www.isvara.org\/archive\/wp-json\/wp\/v2\/comments?post=23495"}],"version-history":[{"count":0,"href":"https:\/\/www.isvara.org\/archive\/wp-json\/wp\/v2\/posts\/23495\/revisions"}],"wp:featuredmedia":[{"embeddable":true,"href":"https:\/\/www.isvara.org\/archive\/wp-json\/wp\/v2\/media\/23496"}],"wp:attachment":[{"href":"https:\/\/www.isvara.org\/archive\/wp-json\/wp\/v2\/media?parent=23495"}],"wp:term":[{"taxonomy":"category","embeddable":true,"href":"https:\/\/www.isvara.org\/archive\/wp-json\/wp\/v2\/categories?post=23495"},{"taxonomy":"post_tag","embeddable":true,"href":"https:\/\/www.isvara.org\/archive\/wp-json\/wp\/v2\/tags?post=23495"}],"curies":[{"name":"wp","href":"https:\/\/api.w.org\/{rel}","templated":true}]}}