{"id":22437,"date":"2020-10-31T14:28:07","date_gmt":"2020-10-31T18:28:07","guid":{"rendered":"https:\/\/www.isvara.org\/archive\/?p=22437"},"modified":"2020-10-31T19:28:40","modified_gmt":"2020-10-31T23:28:40","slug":"receta-strudel-veggie-vegan","status":"publish","type":"post","link":"https:\/\/www.isvara.org\/archive\/receta-strudel-veggie-vegan\/","title":{"rendered":"Receta. Strudel.   Veggie\/Vegan"},"content":{"rendered":"<p>&nbsp;<\/p>\n<p><span style=\"font-family: verdana, geneva, sans-serif; font-size: 16px;\"><img loading=\"lazy\" decoding=\"async\" class=\"alignnone size-medium wp-image-22438\" src=\"https:\/\/www.isvara.org\/archive\/wp-content\/uploads\/hd650x433_wm-300x200.jpg\" alt=\"\" width=\"300\" height=\"200\" srcset=\"https:\/\/www.isvara.org\/archive\/wp-content\/uploads\/hd650x433_wm-300x200.jpg 300w, https:\/\/www.isvara.org\/archive\/wp-content\/uploads\/hd650x433_wm.jpg 650w\" sizes=\"auto, (max-width: 300px) 100vw, 300px\" \/><\/span><\/p>\n<p>&nbsp;<\/p>\n<p>&nbsp;<\/p>\n<p><span style=\"font-family: verdana, geneva, sans-serif; font-size: 16px;\"><b><span style=\"font-size: 20px;\">Strudel\u00a0<\/span> \u00a0\u00a0<\/b><\/span><\/p>\n<p><span style=\"font-family: verdana, geneva, sans-serif; font-size: 16px;\">Europa Central<\/span><\/p>\n<p>&nbsp;<\/p>\n<p><span style=\"font-family: verdana, geneva, sans-serif; font-size: 16px;\">La receta original tampoco trae huevos.<\/span><\/p>\n<p>&nbsp;<\/p>\n<p><span style=\"font-family: verdana, geneva, sans-serif; font-size: 16px;\">Masa\u00a0 (sin levadura)<\/span><\/p>\n<p><span style=\"font-family: verdana, geneva, sans-serif; font-size: 16px;\">2 tazas (250 gr.) de harina\u00a0<\/span><\/p>\n<p><span style=\"font-family: verdana, geneva, sans-serif; font-size: 16px;\">una pizca de sal<\/span><\/p>\n<p><span style=\"font-family: verdana, geneva, sans-serif; font-size: 16px;\">1 cucharada de vinagre de manzana\u00a0<\/span><\/p>\n<p><span style=\"font-family: verdana, geneva, sans-serif; font-size: 16px;\"><span style=\"font-size: 20px;\">\u00bd<\/span> cucharada de aceite de oliva extra virgen\u00a0<\/span><\/p>\n<p><span style=\"font-family: verdana, geneva, sans-serif; font-size: 16px;\">2-3 cucharadas de agua a temperatura ambiente<\/span><\/p>\n<p>\n<span style=\"font-family: verdana, geneva, sans-serif; font-size: 16px;\">Relleno<\/span><\/p>\n<p>&nbsp;<\/p>\n<p><span style=\"font-family: verdana, geneva, sans-serif; font-size: 16px;\">Media barrita (50-80 gr.) de mantequilla sin sal (o aceite )<\/span><\/p>\n<p><span style=\"font-family: verdana, geneva, sans-serif; font-size: 20px;\">\u00bd<\/span><span style=\"font-family: verdana, geneva, sans-serif; font-size: 16px;\">\u00a0taza (100 gr.) de pan rallado<\/span><\/p>\n<p><span style=\"font-family: verdana, geneva, sans-serif; font-size: 16px;\">2 libras (1 kilo) de manzanas<\/span><\/p>\n<p><span style=\"font-family: verdana, geneva, sans-serif; font-size: 16px;\"><span style=\"font-size: 20px;\">\u00bd<\/span> taza (100 gr.) de az\u00facar granulada o de ca\u00f1a (dependiendo del gusto)<\/span><\/p>\n<p><span style=\"font-family: verdana, geneva, sans-serif; font-size: 16px;\">3 cucharadas (50 gr.) de pi\u00f1ones (Como alternativa, los pi\u00f1ones pueden reemplazarse por almendras peladas y tostadas o anacardos &#8211;<em>semillas de cajuil<\/em>-)<\/span><\/p>\n<p><span style=\"font-family: verdana, geneva, sans-serif; font-size: 16px;\">3 cucharadas (50 gr.) de sultanas (Pasas de uvas verdes sin semillas)<\/span><\/p>\n<p><span style=\"font-family: verdana, geneva, sans-serif; font-size: 16px;\">Ralladura de la c\u00e1scara de \u00bd de lim\u00f3n<\/span><\/p>\n<p><span style=\"font-family: verdana, geneva, sans-serif; font-size: 16px;\">1 cucharadita de esencia de vainilla<\/span><\/p>\n<p><span style=\"font-family: verdana, geneva, sans-serif; font-size: 16px;\">El jugo de <span style=\"font-size: 20px;\">\u00bd<\/span> lim\u00f3n<\/span><\/p>\n<p><span style=\"font-family: verdana, geneva, sans-serif; font-size: 16px;\">algunas cucharaditas de canela en polvo<\/span><\/p>\n<p>\n<span style=\"font-family: verdana, geneva, sans-serif; font-size: 16px;\">Remoje las pasas en agua.<span class=\"Apple-converted-space\">\u00a0<\/span><\/span><\/p>\n<p><span style=\"font-family: verdana, geneva, sans-serif; font-size: 16px;\">Para la masa:<span class=\"Apple-converted-space\">\u00a0<\/span><\/span><\/p>\n<p><span style=\"font-family: verdana, geneva, sans-serif; font-size: 16px;\">Mezcle todos los ingredientes para obtener una masa homog\u00e9nea. Forme una bola, envu\u00e9lvala en la pl\u00e1stico para alimento y col\u00f3quela en el refrigerador por 30 minutos. <\/span><\/p>\n<p><span style=\"font-family: verdana, geneva, sans-serif; font-size: 16px;\">Mientras tanto, prepare<span class=\"Apple-converted-space\">\u00a0 <\/span>el<span class=\"Apple-converted-space\">\u00a0 <\/span>relleno: pele las manzanas y c\u00f3rtelas en cubos peque\u00f1os, coloc\u00e1ndolos gradualmente en un taz\u00f3n junto con el jugo de lim\u00f3n filtrado para evitar que se ennegrezcan. Combine las pasas, la vainilla, los pi\u00f1ones, el pan rallado y la ralladura de lim\u00f3n, el az\u00facar y la canela.<span class=\"Apple-converted-space\">\u00a0<\/span><\/span><\/p>\n<p><span style=\"font-family: verdana, geneva, sans-serif; font-size: 16px;\"> Mezcle todo para que sea homog\u00e9neo. Saque la pasta de la nevera, exti\u00e9ndala muy<span class=\"Apple-converted-space\">\u00a0 <\/span>finita, casi transparente, \u00a0sobre una tabla de reposter\u00eda en forma de rect\u00e1ngulo, sobre una toalla de cocina grande y enharinada; \u00a0coloque la mezcla en la zona central dejando un poco de bordes para sellarla, ruede el strudel, ayudando con el trapo, cepille los bordes con agua y cierre, ayud\u00e1ndolo con el trapo mueva suavemente el strudel en una bandeja para hornear con papel pergamino.<\/span><\/p>\n<p><span style=\"font-family: verdana, geneva, sans-serif; font-size: 16px;\"> Unte el strudel con mantequilla derretida. Hornee en el horno precalentado a 170 grados durante aproximadamente 45 minutos.<\/span><\/p>\n<p><span style=\"font-family: verdana, geneva, sans-serif; font-size: 16px;\">Espolvorear con az\u00facar de reposter\u00eda antes de servir.<\/span><\/p>\n<p>&nbsp;<\/p>\n<p>#prasada<\/p>\n","protected":false},"excerpt":{"rendered":"<p>&nbsp; &nbsp; &nbsp; Strudel\u00a0 \u00a0\u00a0 Europa Central &nbsp; La receta original tampoco trae huevos. &nbsp; Masa\u00a0 (sin levadura) 2 tazas (250 gr.) de harina\u00a0 una pizca de sal 1 cucharada de vinagre de manzana\u00a0 \u00bd cucharada &hellip; <a class=\"kt-excerpt-readmore\" href=\"https:\/\/www.isvara.org\/archive\/receta-strudel-veggie-vegan\/\" aria-label=\"Receta. Strudel.   Veggie\/Vegan\">Read More<\/a><\/p>\n","protected":false},"author":40,"featured_media":22438,"comment_status":"open","ping_status":"closed","sticky":false,"template":"","format":"standard","meta":{"footnotes":""},"categories":[5],"tags":[],"class_list":["post-22437","post","type-post","status-publish","format-standard","has-post-thumbnail","hentry","category-espanol"],"publishpress_future_action":{"enabled":false,"date":"2026-05-03 11:47:42","action":"change-status","newStatus":"draft","terms":[],"taxonomy":"category","extraData":[]},"publishpress_future_workflow_manual_trigger":{"enabledWorkflows":[]},"_links":{"self":[{"href":"https:\/\/www.isvara.org\/archive\/wp-json\/wp\/v2\/posts\/22437","targetHints":{"allow":["GET"]}}],"collection":[{"href":"https:\/\/www.isvara.org\/archive\/wp-json\/wp\/v2\/posts"}],"about":[{"href":"https:\/\/www.isvara.org\/archive\/wp-json\/wp\/v2\/types\/post"}],"author":[{"embeddable":true,"href":"https:\/\/www.isvara.org\/archive\/wp-json\/wp\/v2\/users\/40"}],"replies":[{"embeddable":true,"href":"https:\/\/www.isvara.org\/archive\/wp-json\/wp\/v2\/comments?post=22437"}],"version-history":[{"count":0,"href":"https:\/\/www.isvara.org\/archive\/wp-json\/wp\/v2\/posts\/22437\/revisions"}],"wp:featuredmedia":[{"embeddable":true,"href":"https:\/\/www.isvara.org\/archive\/wp-json\/wp\/v2\/media\/22438"}],"wp:attachment":[{"href":"https:\/\/www.isvara.org\/archive\/wp-json\/wp\/v2\/media?parent=22437"}],"wp:term":[{"taxonomy":"category","embeddable":true,"href":"https:\/\/www.isvara.org\/archive\/wp-json\/wp\/v2\/categories?post=22437"},{"taxonomy":"post_tag","embeddable":true,"href":"https:\/\/www.isvara.org\/archive\/wp-json\/wp\/v2\/tags?post=22437"}],"curies":[{"name":"wp","href":"https:\/\/api.w.org\/{rel}","templated":true}]}}